{"id":2028,"date":"2026-09-04T05:50:54","date_gmt":"2026-09-04T05:50:54","guid":{"rendered":"https:\/\/harghitainfo.ro\/?p=2028"},"modified":"2026-09-04T05:50:54","modified_gmt":"2026-09-04T05:50:54","slug":"festivalul-harghita-street-art-edu-fest-aduce-arta-urbana-in-scolile-din-nordul-harghitei","status":"publish","type":"post","link":"https:\/\/harghitainfo.ro\/?p=2028","title":{"rendered":"Festivalul \u201eHarghita Street Art EDU Fest\u201d aduce arta urban\u0103 \u00een \u0219colile din nordul Harghitei"},"content":{"rendered":"<p>\u00cen anul 2026, arta urban\u0103 \u00ee\u0219i face loc direct \u00een \u0219colile din opt comunit\u0103\u021bi situate \u00een nordul jude\u021bului Harghita. Dup\u0103 succesul de anul trecut \u00een Topli\u021ba, proiectul intitulat \u201eHarghita Street Art EDU Fest \u2013 Educa\u021bie prin art\u0103 urban\u0103 \u0219i identitate cultural\u0103\u201d se extinde acum \u00een localit\u0103\u021bile Topli\u021ba, Subcetate, S\u0103rma\u0219, G\u0103l\u0103u\u021ba\u0219, Bilbor, Borsec, Corbu \u0219i Tulghe\u0219.<\/p>\n<p>Asocia\u021bia de Dezvoltare Intercomunitar\u0103 C\u0103limani\u2013Giurgeu a demarat activit\u0103\u021bile proiectului, av\u00e2nd ca scop apropierea elevilor de arta urban\u0103 \u0219i transformarea identit\u0103\u021bii, tradi\u021biilor \u0219i pove\u0219tilor fiec\u0103rei comunit\u0103\u021bi \u00een lucr\u0103ri vizuale realizate cu participarea copiilor.<\/p>\n<p>Proiectul continu\u0103 experien\u021ba Harghita Street Art Fest din 2025, c\u00e2nd zona Cascadei cu ap\u0103 mezotermal\u0103 din Topli\u021ba a fost transformat\u0103 \u00eentr-un vast spa\u021biu de art\u0103 public\u0103.<\/p>\n<p>\u00cen acea perioad\u0103, au fost create 11 lucr\u0103ri murale pe o suprafa\u021b\u0103 de peste 400 de metri p\u0103tra\u021bi, implic\u00e2nd zece arti\u0219ti \u0219i peste 400 de copii, tineri \u0219i membri ai comunit\u0103\u021bii. Aproximativ 100 de tineri au participat la un concurs de crea\u021bie artistic\u0103, iar elevii au fost implica\u021bi \u00een ateliere de ini\u021biere \u00een arta urban\u0103 \u0219i \u00een crearea unor lucr\u0103ri pe ziduri.<\/p>\n<p>\u00cen acest an, organizatorii schimb\u0103 abordarea \u0219i duc proiectul direct \u00een \u0219coli, astfel \u00eenc\u00e2t elevii s\u0103 fie implica\u021bi \u00eenc\u0103 din primele etape ale procesului de crea\u021bie.<\/p>\n<p>\u00cenainte ca lucr\u0103rile murale s\u0103 prind\u0103 via\u021b\u0103, se vor desf\u0103\u0219ura \u00eent\u00e2lniri, workshopuri, discu\u021bii \u0219i ateliere. Elevii vor \u00eenv\u0103\u021ba ce reprezint\u0103 street art-ul ca form\u0103 de expresie artistic\u0103, cum se construie\u0219te conceptul unei picturi murale \u0219i cum pot fi transpuse \u00een imagini tradi\u021biile, identitatea \u0219i particularit\u0103\u021bile locului \u00een care tr\u0103iesc.<\/p>\n<p>\u00cen cele opt comunit\u0103\u021bi se planific\u0103 aproximativ 320 de metri p\u0103tra\u021bi de art\u0103 mural\u0103.<\/p>\n<p>Organizatorii subliniaz\u0103 c\u0103 obiectivul principal nu este doar transformarea unor ziduri, ci implicarea copiilor \u00eentr-un proces educa\u021bional \u0219i cultural \u00een care ideile lor s\u0103 devin\u0103 parte din imaginea \u0219colii \u0219i a comunit\u0103\u021bii.<\/p>\n<p>\u201e\u00cen 2025 am observat la Topli\u021ba ce se poate \u00eent\u00e2mpla atunci c\u00e2nd aduci \u00eempreun\u0103 arta, educa\u021bia \u0219i comunitatea. Am v\u0103zut copii care au prins curaj s\u0103 creeze, profesori care s-au implicat, arti\u0219ti care au colaborat cu tinerii \u0219i o comunitate care a \u00eenceput s\u0103 vad\u0103 altfel un spa\u021biu urban\u201d, a afirmat Mihai Calinovici, director executiv al ADI C\u0103limani\u2013Giurgeu.<\/p>\n<p>Conform acestuia, extinderea proiectului reprezint\u0103 un pas firesc dup\u0103 experien\u021ba de anul trecut.<\/p>\n<p>\u201eAnul acesta, extindem aceast\u0103 experien\u021b\u0103. Nu mai a\u0219tept\u0103m ca elevii s\u0103 vin\u0103 c\u0103tre street art \u2013 noi aducem proiectul direct \u00een \u0219colile lor. De la o comunitate, ajungem la opt. De la o experien\u021b\u0103 local\u0103, construim o poveste a \u00eentregii zone\u201d,<\/p>\n<p><em>Sursa: <a href=\"https:\/\/ziarharghita.ro\/harghita-street-art-edu-fest-aduce-arta-urbana-in-scolile-din-nordul-harghitei\" target=\"_blank\" rel=\"nofollow\">Harghita<\/a><\/em><\/p>\n","protected":false},"excerpt":{"rendered":"<p>\u00cen anul 2026, arta urban\u0103 \u00ee\u0219i face loc direct \u00een \u0219colile din opt comunit\u0103\u021bi situate \u00een nordul jude\u021bului Harghita. Dup\u0103 succesul de\u2026<\/p>\n","protected":false},"author":1,"featured_media":2029,"comment_status":"open","ping_status":"open","sticky":false,"template":"","format":"standard","meta":{"footnotes":""},"categories":[2],"tags":[],"class_list":["post-2028","post","type-post","status-publish","format-standard","has-post-thumbnail","hentry","category-local-harghita"],"_links":{"self":[{"href":"https:\/\/harghitainfo.ro\/index.php?rest_route=\/wp\/v2\/posts\/2028","targetHints":{"allow":["GET"]}}],"collection":[{"href":"https:\/\/harghitainfo.ro\/index.php?rest_route=\/wp\/v2\/posts"}],"about":[{"href":"https:\/\/harghitainfo.ro\/index.php?rest_route=\/wp\/v2\/types\/post"}],"author":[{"embeddable":true,"href":"https:\/\/harghitainfo.ro\/index.php?rest_route=\/wp\/v2\/users\/1"}],"replies":[{"embeddable":true,"href":"https:\/\/harghitainfo.ro\/index.php?rest_route=%2Fwp%2Fv2%2Fcomments&post=2028"}],"version-history":[{"count":0,"href":"https:\/\/harghitainfo.ro\/index.php?rest_route=\/wp\/v2\/posts\/2028\/revisions"}],"wp:featuredmedia":[{"embeddable":true,"href":"https:\/\/harghitainfo.ro\/index.php?rest_route=\/wp\/v2\/media\/2029"}],"wp:attachment":[{"href":"https:\/\/harghitainfo.ro\/index.php?rest_route=%2Fwp%2Fv2%2Fmedia&parent=2028"}],"wp:term":[{"taxonomy":"category","embeddable":true,"href":"https:\/\/harghitainfo.ro\/index.php?rest_route=%2Fwp%2Fv2%2Fcategories&post=2028"},{"taxonomy":"post_tag","embeddable":true,"href":"https:\/\/harghitainfo.ro\/index.php?rest_route=%2Fwp%2Fv2%2Ftags&post=2028"}],"curies":[{"name":"wp","href":"https:\/\/api.w.org\/{rel}","templated":true}]}}