{"id":2050,"date":"2026-09-04T05:54:59","date_gmt":"2026-09-04T05:54:59","guid":{"rendered":"https:\/\/harghitainfo.ro\/?p=2050"},"modified":"2026-09-04T05:54:59","modified_gmt":"2026-09-04T05:54:59","slug":"numarul-cititorilor-creste-la-biblioteca-judeteana-in-vacanta-de-vara","status":"publish","type":"post","link":"https:\/\/harghitainfo.ro\/?p=2050","title":{"rendered":"Num\u0103rul cititorilor cre\u0219te la Biblioteca Jude\u021bean\u0103 \u00een vacan\u021ba de var\u0103"},"content":{"rendered":"<p>Biblioteca Jude\u021bean\u0103 \u201eK\u00e1joni J\u00e1nos\u201d din Miercurea-Ciuc a \u00eenregistrat o cre\u0219tere semnificativ\u0103 a num\u0103rului de vizitatori \u00een luna iulie. Conform informa\u021biilor oferite de Melinda Bed\u0151, \u0219efa de serviciu a bibliotecii, \u00een luna iulie toate sec\u021biile, at\u00e2t pentru adul\u021bi, c\u00e2t \u0219i pentru copii, au avut un total de 3.921 de vizitatori. De exemplu, pe data de 1 iulie au fost \u00eenregistra\u021bi 175 de cititori, pe 2 iulie num\u0103rul a sc\u0103zut la 151, iar pe 6 iulie a crescut la 264 de persoane. \u00cen ceea ce prive\u0219te \u00eemprumuturile de c\u0103r\u021bi, \u00een iulie au fost eliberate 9.747 de c\u0103r\u021bi \u0219i documente. \u00cemprumuturile au avut un ritm constant pe parcursul lunii: pe 1 iulie au fost \u00eemprumutate 485 de volume, iar pe 6 iulie s-a atins un maxim de 720 de c\u0103r\u021bi. Comparativ cu \u00eenceputul anului, \u00een luna ianuarie, o perioad\u0103 activ\u0103 datorit\u0103 redeschiderii bibliotecii \u0219i re\u00eennoirii permiselor de cititor, activitatea a \u00eenceput pe 8 ianuarie cu 288 de cititori, acumul\u00e2nd un total lunar de 2.215 vizitatori. \u00cen ceea ce prive\u0219te \u00eemprumuturile, pe 8 ianuarie au fost eliberate 704 documente, iar pe toat\u0103 luna ianuarie s-au \u00eemprumutat 7.937 de volume. Cre\u0219terea num\u0103rului de vizitatori \u00een iulie se datoreaz\u0103 \u0219i flexibilit\u0103\u021bii programului elevilor \u0219i adul\u021bilor \u00een timpul verii. \u201eSingura diferen\u021b\u0103 este c\u0103 elevii, nefiind la \u0219coal\u0103 \u0219i lega\u021bi de program\u0103, se adapteaz\u0103 pur \u0219i simplu. Nu trebuie s\u0103 a\u0219tepte s\u0103 se termine orele, vin c\u00e2nd se trezesc \u0219i au chef\u201d, a explicat Melinda Bed\u0151. Reprezentan\u021bii bibliotecii subliniaz\u0103 c\u0103, de\u0219i institu\u021bia func\u021bioneaz\u0103 dup\u0103 un program de var\u0103 adaptat, acesta nu afecteaz\u0103 prezen\u021ba. De\u0219i un astfel de orar redus nu ar fi viabil \u00een timpul anului \u0219colar sau \u00een programul obi\u0219nuit de lucru, vara, vacan\u021bele \u0219i concediile ofer\u0103 oamenilor mai mult timp liber pentru lectur\u0103. Pe de alt\u0103 parte, luna august aduce deja primele semne de preg\u0103tire pentru noul an \u0219colar. Corina Ha\u021began, bibliotecar la sec\u021bia pentru adul\u021bi, a observat c\u0103 adolescen\u021bii \u0219i tinerii au \u00eenceput deja s\u0103 solicite titlurile din bibliografia \u0219colar\u0103 obligatorie. Ea a men\u021bionat c\u0103 opere extrem de solicitate, precum Enigma Otiliei, au fost deja \u00eemprumutate aproape complet de pe rafturi, de\u0219i biblioteca dispune de zeci de volume. (E. \u0218erdean)<\/p>\n<p><em>Sursa: <a href=\"https:\/\/informatiahr.ro\/crestere-a-numarului-de-cititori-la-biblioteca-judeteana-in-perioada-vacantei-de-vara\/\" target=\"_blank\" rel=\"nofollow\">Cultura<\/a><\/em><\/p>\n","protected":false},"excerpt":{"rendered":"<p>Biblioteca Jude\u021bean\u0103 \u201eK\u00e1joni J\u00e1nos\u201d din Miercurea-Ciuc a \u00eenregistrat o cre\u0219tere semnificativ\u0103 a num\u0103rului de vizitatori \u00een luna iulie. Conform informa\u021biilor oferite de\u2026<\/p>\n","protected":false},"author":1,"featured_media":2051,"comment_status":"open","ping_status":"open","sticky":false,"template":"","format":"standard","meta":{"footnotes":""},"categories":[7],"tags":[],"class_list":["post-2050","post","type-post","status-publish","format-standard","has-post-thumbnail","hentry","category-cultura"],"_links":{"self":[{"href":"https:\/\/harghitainfo.ro\/index.php?rest_route=\/wp\/v2\/posts\/2050","targetHints":{"allow":["GET"]}}],"collection":[{"href":"https:\/\/harghitainfo.ro\/index.php?rest_route=\/wp\/v2\/posts"}],"about":[{"href":"https:\/\/harghitainfo.ro\/index.php?rest_route=\/wp\/v2\/types\/post"}],"author":[{"embeddable":true,"href":"https:\/\/harghitainfo.ro\/index.php?rest_route=\/wp\/v2\/users\/1"}],"replies":[{"embeddable":true,"href":"https:\/\/harghitainfo.ro\/index.php?rest_route=%2Fwp%2Fv2%2Fcomments&post=2050"}],"version-history":[{"count":0,"href":"https:\/\/harghitainfo.ro\/index.php?rest_route=\/wp\/v2\/posts\/2050\/revisions"}],"wp:featuredmedia":[{"embeddable":true,"href":"https:\/\/harghitainfo.ro\/index.php?rest_route=\/wp\/v2\/media\/2051"}],"wp:attachment":[{"href":"https:\/\/harghitainfo.ro\/index.php?rest_route=%2Fwp%2Fv2%2Fmedia&parent=2050"}],"wp:term":[{"taxonomy":"category","embeddable":true,"href":"https:\/\/harghitainfo.ro\/index.php?rest_route=%2Fwp%2Fv2%2Fcategories&post=2050"},{"taxonomy":"post_tag","embeddable":true,"href":"https:\/\/harghitainfo.ro\/index.php?rest_route=%2Fwp%2Fv2%2Ftags&post=2050"}],"curies":[{"name":"wp","href":"https:\/\/api.w.org\/{rel}","templated":true}]}}