{"id":2052,"date":"2026-09-04T05:55:08","date_gmt":"2026-09-04T05:55:08","guid":{"rendered":"https:\/\/harghitainfo.ro\/?p=2052"},"modified":"2026-09-04T05:55:08","modified_gmt":"2026-09-04T05:55:08","slug":"universitatea-de-vara-izvoru-muresului-editia-a-xxiii-a-se-desfasoara-la-covasna-intre-14-16-august-2026","status":"publish","type":"post","link":"https:\/\/harghitainfo.ro\/?p=2052","title":{"rendered":"Universitatea de Var\u0103 \u201eIzvoru Mure\u015fului\u201d, edi\u0163ia a XXIII-a, se desf\u0103\u015foar\u0103 la Covasna, \u00eentre 14-16 august 2026"},"content":{"rendered":"<p>Universitatea de Var\u0103 \u201eIzvoru Mure\u015fului\u201d, recunoscut\u0103 ca unul dintre cele mai semnificative forumuri de dialog adresate rom\u00e2nilor de pretutindeni \u0219i comunit\u0103\u021bilor rom\u00e2ne\u0219ti din medii multietnice \u0219i pluriconfesionale, \u00ee\u0219i va desf\u0103\u0219ura edi\u021bia a XXIII-a \u00een perioada 14-16 august 2026.<\/p>\n<p>Anul acesta, din cauza constr\u00e2ngerilor organizatorice \u0219i a resurselor financiare limitate, evenimentul va avea loc \u00een ora\u0219ul Covasna, la Hotel \u201eMontana\u201d, cu sprijinul crucial al Institutului Cultural Rom\u00e2n (ICR) \u0219i al sponsorilor priva\u021bi genero\u0219i.<\/p>\n<p>Decizia de a organiza evenimentul \u00een Covasna are, de asemenea, o \u00eenalt\u0103 semnifica\u021bie simbolic\u0103. Universitatea va fi astfel g\u0103zduit\u0103 de o comunitate rom\u00e2neasc\u0103 care \u0219i-a men\u021binut de-a lungul timpului identitatea, cultura \u0219i credin\u021ba, \u00eentr-un spa\u021biu influen\u021bat de figuri marcante precum episcopul Justinian Teculescu. Edi\u021bia curent\u0103 \u00ee\u0219i propune s\u0103 transforme Covasna, timp de trei zile, \u00eentr-un centru de \u00eent\u00e2lnire pentru rom\u00e2nii din \u021bar\u0103, din comunit\u0103\u021bile istorice \u0219i din diaspora.<\/p>\n<p>Realizarea acestei edi\u021bii este posibil\u0103 datorit\u0103 efortului concertat al organizatorilor \u0219i partenerilor, cu sprijinul Institutului Cultural Rom\u00e2n \u0219i contribu\u021bia sponsorilor precum ABC Asigur\u0103ri \u0219i Asocia\u021bia \u201ePetru Ioan \u0219i Ana\u201d din T\u00e2rgu Mure\u0219. Partenerii institu\u021bionali, academici, civici \u0219i media joac\u0103, de asemenea, un rol esen\u021bial \u00een sus\u021binerea unui proiect care a \u00eenceput \u00een 1998 \u0219i a devenit, de-a lungul timpului, un adev\u0103rat \u201eparteneriat rom\u00e2no-rom\u00e2n\u201d.<\/p>\n<p>\u00cen acest an, Forumul Civic al Rom\u00e2nilor din Covasna, Harghita \u0219i Mure\u0219 (FCRCHM \u2013 Sf\u00e2ntu Gheorghe) aduce din nou \u00een prim-plan teme de importan\u021b\u0103 major\u0103, al\u0103turi de parteneri tradi\u021bionali precum Centrul de Cercetare \u0219i Strategii Regionale (CCSR \u2013 T\u00e2rgu Mure\u0219), Centrul European de Studii Covasna-Harghita (Sf\u00e2ntu Gheorghe) \u0219i Funda\u021bia Na\u021bional\u0103 pentru Rom\u00e2nii de Pretutindeni (FNRP \u2013 Bucure\u0219ti).<\/p>\n<p>Activit\u0103\u021bile Universit\u0103\u021bii se vor desf\u0103\u0219ura sub binecuv\u00e2ntarea Preasfin\u021bitului P\u0103rinte Andrei, episcopul Covasnei \u0219i Harghitei, continu\u00e2nd astfel leg\u0103tura profund\u0103 dintre acest eveniment, Biseric\u0103 \u0219i comunit\u0103\u021bile rom\u00e2ne\u0219ti din regiune, a\u0219a cum a fost cazul \u0219i \u00een edi\u021biile anterioare.<\/p>\n<p>Programul va \u00eencepe la Hotel \u201eMontana\u201d vineri, 14 august, la ora 12:00, cu deschiderea oficial\u0103, urmat\u0103 de dezbateri de la ora 14:00, av\u00e2nd ca tem\u0103 central\u0103 geopolitica identit\u0103\u021bii na\u021bionale \u0219i subiecte precum situa\u021bia rom\u00e2nilor din Balcani (Serbia, Bulgaria, Macedonia de Nord, Albania, Grecia), precum \u0219i evolu\u021bia Republicii Moldova.<\/p>\n<p>S\u00e2mb\u0103t\u0103, 15 august, activit\u0103\u021bile vor \u00eencepe la ora 10:00 cu Sf\u00e2nta Liturghie, cu ocazia praznicului Adormirii Maicii Domnului, iar de la ora 12:30 vor avea loc sesiuni dedicate situa\u021biei dificile a comunit\u0103\u021bii rom\u00e2ne\u0219ti din Ucraina, cu un accent pe Maramure\u0219ul Istoric \u0219i sudul Basarabiei.<\/p>\n<p><em>Sursa: <a href=\"https:\/\/informatiahr.ro\/universitatea-de-vara-izvoru-muresului-editia-a-xxiii-a-se-desfasoara-la-covasna-in-perioada-14-16-august-2026\/\" target=\"_blank\" rel=\"nofollow\">Cultura<\/a><\/em><\/p>\n","protected":false},"excerpt":{"rendered":"<p>Universitatea de Var\u0103 \u201eIzvoru Mure\u015fului\u201d, recunoscut\u0103 ca unul dintre cele mai semnificative forumuri de dialog adresate rom\u00e2nilor de pretutindeni \u0219i comunit\u0103\u021bilor rom\u00e2ne\u0219ti\u2026<\/p>\n","protected":false},"author":1,"featured_media":2053,"comment_status":"open","ping_status":"open","sticky":false,"template":"","format":"standard","meta":{"footnotes":""},"categories":[7],"tags":[],"class_list":["post-2052","post","type-post","status-publish","format-standard","has-post-thumbnail","hentry","category-cultura"],"_links":{"self":[{"href":"https:\/\/harghitainfo.ro\/index.php?rest_route=\/wp\/v2\/posts\/2052","targetHints":{"allow":["GET"]}}],"collection":[{"href":"https:\/\/harghitainfo.ro\/index.php?rest_route=\/wp\/v2\/posts"}],"about":[{"href":"https:\/\/harghitainfo.ro\/index.php?rest_route=\/wp\/v2\/types\/post"}],"author":[{"embeddable":true,"href":"https:\/\/harghitainfo.ro\/index.php?rest_route=\/wp\/v2\/users\/1"}],"replies":[{"embeddable":true,"href":"https:\/\/harghitainfo.ro\/index.php?rest_route=%2Fwp%2Fv2%2Fcomments&post=2052"}],"version-history":[{"count":0,"href":"https:\/\/harghitainfo.ro\/index.php?rest_route=\/wp\/v2\/posts\/2052\/revisions"}],"wp:featuredmedia":[{"embeddable":true,"href":"https:\/\/harghitainfo.ro\/index.php?rest_route=\/wp\/v2\/media\/2053"}],"wp:attachment":[{"href":"https:\/\/harghitainfo.ro\/index.php?rest_route=%2Fwp%2Fv2%2Fmedia&parent=2052"}],"wp:term":[{"taxonomy":"category","embeddable":true,"href":"https:\/\/harghitainfo.ro\/index.php?rest_route=%2Fwp%2Fv2%2Fcategories&post=2052"},{"taxonomy":"post_tag","embeddable":true,"href":"https:\/\/harghitainfo.ro\/index.php?rest_route=%2Fwp%2Fv2%2Ftags&post=2052"}],"curies":[{"name":"wp","href":"https:\/\/api.w.org\/{rel}","templated":true}]}}