{"id":2062,"date":"2026-09-04T05:55:59","date_gmt":"2026-09-04T05:55:59","guid":{"rendered":"https:\/\/harghitainfo.ro\/?p=2062"},"modified":"2026-09-04T05:55:59","modified_gmt":"2026-09-04T05:55:59","slug":"proiect-inedit-realizat-de-handbalista-eva-kerekes-a-transformat-scoala-din-comuna-natala-prin-arta-desenului","status":"publish","type":"post","link":"https:\/\/harghitainfo.ro\/?p=2062","title":{"rendered":"Proiect inedit realizat de handbalista \u00c9va Kerekes: A transformat \u0219coala din comuna natal\u0103 prin arta desenului"},"content":{"rendered":"<p>&#8220;Este absolut extraordinar c\u0103 am reu\u0219it s\u0103 las amprenta muncii mele la fosta mea \u0219coal\u0103 \u0219i m\u0103 bucur\u0103 enorm g\u00e2ndul c\u0103 mul\u021bi copii vor fi extrem de \u00eenc\u00e2nta\u021bi c\u00e2nd vor descoperi c\u00e2t de unic\u0103 a devenit \u0219coala lor.<\/p>\n<p>Pasiona\u021bii de sport, \u00een special cei de handbal, o cunosc deja pe \u00c9va Kerekes. Originar\u0103 din comuna harghitean\u0103 Zetea, a avut primul contact cu handbalul \u00een clasa a IV-a, iar un an mai t\u00e2rziu a participat la primul antrenament. \u00cen liceu, la Odorheiu Secuiesc, a fost cooptat\u0103 \u00een echipa de junioare a municipiului de pe T\u00e2rnava Mare. Acolo a fost observat\u0103 de fosta mare juc\u0103toare Carmen Amariei, antrenoare a lotului de junioare, ceea ce i-a adus prima convocare la echipa na\u021bional\u0103 de junioare. \u00cen clasa a XII-a, a fost \u00eemprumutat\u0103 la CSM T\u00e2rgu Mure\u0219, unde a jucat la junioare \u0219i a fost premiat\u0103 drept \u201eCea mai bun\u0103 extrem\u0103 st\u00e2ng\u0103\u201d. Ofertele din partea echipelor din prima lig\u0103 nu au \u00eent\u00e2rziat s\u0103 apar\u0103, \u00c9va aleg\u00e2nd CS Minaur Baia Mare. Dup\u0103 cinci ani la echipa b\u0103im\u0103rean\u0103, a urmat transferul la Gloria Bistri\u021ba. Cu aceast\u0103 echip\u0103, \u00c9va Kerekes a evoluat \u00een Liga Campionilor, a c\u00e2\u0219tigat campionatul na\u021bional \u0219i a participat la Campionatul Mondial cu echipa Rom\u00e2niei. \u00cen prezent, joac\u0103 pentru Corona Bra\u0219ov.<\/p>\n<p>***<\/p>\n<p>Totu\u0219i, acest articol se concentreaz\u0103 pe o alt\u0103 pasiune a tinerei de 25 de ani, descoperit\u0103 \u00eent\u00e2mpl\u0103tor: pe l\u00e2ng\u0103 handbal, \u00c9va exceleaz\u0103 \u0219i \u00een arta desenului, pe care recent a transformat-o dintr-un simplu hobby \u00eentr-un proiect concret. \u00cen aceast\u0103 var\u0103, a reu\u0219it s\u0103 ofere o nou\u0103 \u00eenf\u0103\u021bi\u0219are \u0219colii din comuna natal\u0103.<\/p>\n<p>C\u00e2nd am contactat-o pentru a discuta despre acest proiect, nu a ezitat s\u0103 ne r\u0103spund\u0103, chiar dac\u0103 se afla la un turneu de preg\u0103tire, \u0219i-a f\u0103cut timp s\u0103 ne ofere c\u00e2teva r\u0103spunsuri.<\/p>\n<p>De la v\u00e2rsta fraged\u0103, a trecut rapid de la m\u00e2zg\u0103lituri la desene cu form\u0103 \u0219i sens<\/p>\n<p>\u2013 \u00cenainte de a intra \u00een detalii despre proiectul din aceast\u0103 var\u0103, a\u0219 dori s\u0103 te \u00eentreb de unde vine pasiunea ta pentru desen \u0219i c\u00e2t timp dedici acestei activit\u0103\u021bi?<\/p>\n<p>\u2013 Pasiunea mea pentru desen a ap\u0103rut \u00eenc\u0103 de la o v\u00e2rst\u0103 foarte mic\u0103. Nu exagerez c\u00e2nd spun c\u0103 de c\u00e2nd pot \u021bine un creion \u00een m\u00e2n\u0103, desenez. Dac\u0103 nu m\u0103 \u00een\u0219el, mama mea a p\u0103strat primele mele desene realizate la v\u00e2rsta de 1-1,5 ani; la aceast\u0103 v\u00e2rst\u0103, copiii nu fac dec\u00e2t m\u00e2zg\u0103lituri. A\u0219a am \u00eenceput \u0219i eu, dar foarte repede am evoluat la a desena lucruri cu form\u0103 \u0219i sens, cum ar fi autoportrete, familia \u0219i animalele noastre de curte.<\/p>\n<p>Aceast\u0103 pasiune a fost mereu o parte din via\u021ba mea de zi cu zi, chiar \u0219i al\u0103turi de handbal. Uneori, este cea mai bun\u0103 metod\u0103 de relaxare \u00eentre dou\u0103 antrenamente.<\/p>\n<p><em>Sursa: <a href=\"https:\/\/informatiahr.ro\/un-proiect-special-dus-la-bun-sfarsit-de-handbalista-harghiteana-eva-kerekes-in-aceasta-vara-a-redat-o-noua-infatisare-scolii-din-comuna-natala-alaturi-de-handbal-marea-ei-pasiune-fiind-si-desenul\/\" target=\"_blank\" rel=\"nofollow\">Sport<\/a><\/em><\/p>\n","protected":false},"excerpt":{"rendered":"<p>&#8220;Este absolut extraordinar c\u0103 am reu\u0219it s\u0103 las amprenta muncii mele la fosta mea \u0219coal\u0103 \u0219i m\u0103 bucur\u0103 enorm g\u00e2ndul c\u0103 mul\u021bi\u2026<\/p>\n","protected":false},"author":1,"featured_media":2063,"comment_status":"open","ping_status":"open","sticky":false,"template":"","format":"standard","meta":{"footnotes":""},"categories":[6],"tags":[],"class_list":["post-2062","post","type-post","status-publish","format-standard","has-post-thumbnail","hentry","category-sport"],"_links":{"self":[{"href":"https:\/\/harghitainfo.ro\/index.php?rest_route=\/wp\/v2\/posts\/2062","targetHints":{"allow":["GET"]}}],"collection":[{"href":"https:\/\/harghitainfo.ro\/index.php?rest_route=\/wp\/v2\/posts"}],"about":[{"href":"https:\/\/harghitainfo.ro\/index.php?rest_route=\/wp\/v2\/types\/post"}],"author":[{"embeddable":true,"href":"https:\/\/harghitainfo.ro\/index.php?rest_route=\/wp\/v2\/users\/1"}],"replies":[{"embeddable":true,"href":"https:\/\/harghitainfo.ro\/index.php?rest_route=%2Fwp%2Fv2%2Fcomments&post=2062"}],"version-history":[{"count":0,"href":"https:\/\/harghitainfo.ro\/index.php?rest_route=\/wp\/v2\/posts\/2062\/revisions"}],"wp:featuredmedia":[{"embeddable":true,"href":"https:\/\/harghitainfo.ro\/index.php?rest_route=\/wp\/v2\/media\/2063"}],"wp:attachment":[{"href":"https:\/\/harghitainfo.ro\/index.php?rest_route=%2Fwp%2Fv2%2Fmedia&parent=2062"}],"wp:term":[{"taxonomy":"category","embeddable":true,"href":"https:\/\/harghitainfo.ro\/index.php?rest_route=%2Fwp%2Fv2%2Fcategories&post=2062"},{"taxonomy":"post_tag","embeddable":true,"href":"https:\/\/harghitainfo.ro\/index.php?rest_route=%2Fwp%2Fv2%2Ftags&post=2062"}],"curies":[{"name":"wp","href":"https:\/\/api.w.org\/{rel}","templated":true}]}}