{"id":2088,"date":"2026-09-04T07:49:58","date_gmt":"2026-09-04T07:49:58","guid":{"rendered":"https:\/\/harghitainfo.ro\/?p=2088"},"modified":"2026-09-04T07:49:58","modified_gmt":"2026-09-04T07:49:58","slug":"intalnire-la-miercurea-ciuc-privind-economia-sociala-106-intreprinderi-active-in-harghita","status":"publish","type":"post","link":"https:\/\/harghitainfo.ro\/?p=2088","title":{"rendered":"\u00cent\u00e2lnire la Miercurea-Ciuc privind economia social\u0103: 106 \u00eentreprinderi active \u00een Harghita"},"content":{"rendered":"<p>O reuniune axat\u0103 pe starea economiei sociale din jude\u021bul Harghita, evolu\u021bia acesteia de-a lungul anilor \u0219i oportunit\u0103\u021bile de valorificare a experien\u021belor europene la nivel local s-a desf\u0103\u0219urat pe 28 august la Miercurea-Ciuc, ca parte a proiectului SECON \u2013 Economie social\u0103 \u2013 Politici regionale pentru sprijinirea \u00eentreprinderilor din economia social\u0103.<\/p>\n<p>Evenimentul a avut loc la cafeneaua Kett\u0151spont Tejiv\u00f3 \u00e9s K\u00e1v\u00e9z\u00f3.<\/p>\n<p>Proiectul SECON este realizat prin cooperarea a zece organiza\u021bii din nou\u0103 \u021b\u0103ri europene, av\u00e2nd ca scop \u00eembun\u0103t\u0103\u021birea instrumentelor de politici publice care sus\u021bin economia social\u0103, prin schimb de experien\u021b\u0103 \u00eentre regiuni, cercetare \u0219i promovarea bunelor practici.<\/p>\n<p>Printre scopurile proiectului se num\u0103r\u0103 cre\u0219terea vizibilit\u0103\u021bii \u00eentreprinderilor sociale, \u00eembun\u0103t\u0103\u021birea oportunit\u0103\u021bilor de finan\u021bare \u0219i participare la achizi\u021bii publice, sprijinirea profesional\u0103 a \u00eentreprinderilor, precum \u0219i \u00eent\u0103rirea rolului acestora \u00een tranzi\u021bia verde \u0219i digital\u0103.<\/p>\n<p>Kett\u0151spont Tejiv\u00f3 \u00e9s K\u00e1v\u00e9z\u00f3, un exemplu de \u00eentreprindere social\u0103<\/p>\n<p>Cafeneaua care a g\u0103zduit \u00eent\u00e2lnirea este, de asemenea, o \u00eentreprindere social\u0103. Kett\u0151spont Tejiv\u00f3 \u00e9s K\u00e1v\u00e9z\u00f3 a fost inaugurat\u0103 \u00een februarie 2026 de un cuplu din Miercurea Ciuc, cu scopul de a oferi un spa\u021biu prietenos pentru familii \u0219i p\u0103rin\u021bii cu copii mici.<\/p>\n<p>Aceast\u0103 \u00eentreprindere a fost realizat\u0103 cu sprijin financiar european \u00een valoare de 61.000 de euro \u0219i ofer\u0103 \u00een prezent locuri de munc\u0103 pentru patru persoane, inclusiv pentru persoane aflate \u00een situa\u021bii dezavantajate.<\/p>\n<p>Pe l\u00e2ng\u0103 activitatea de alimenta\u021bie public\u0103, cafeneaua func\u021bioneaz\u0103 \u0219i ca un spa\u021biu comunitar, organiz\u00e2nd evenimente, prelegeri \u0219i programe destinate \u00een special familiilor cu copii mici \u0219i mamelor.<\/p>\n<p>Recent, au fost organizate programe pentru mame \u0219i bebelu\u0219i, ateliere de lucru manual \u0219i evenimente comunitare. \u00cen plan sunt incluse \u0219i seri tematice, discu\u021bii \u0219i proiec\u021bii de filme.<\/p>\n<p>Sprijinul oferit prin proiect acoper\u0103 costurile de func\u021bionare p\u00e2n\u0103 \u00een octombrie 2026, dup\u0103 care \u00eentreprinderea va trebui s\u0103 \u00ee\u0219i asigure func\u021bionarea din veniturile proprii. Modelul prevede ca 90% din profit s\u0103 fie reinvestit \u00een scopuri sociale.<\/p>\n<p>Bune practici prezentate dup\u0103 \u00eent\u00e2lnirea SECON de la Mannheim<\/p>\n<p>\u00cen cadrul \u00eent\u00e2lnirii de la Miercurea Ciuc, Csiszer \u00c1rp\u00e1d, reprezentantul Asocia\u021biei Right, a prezentat bune practici descoperite \u00een cadrul \u00eent\u00e2lnirii interna\u021bionale SECON de la Mannheim.<\/p>\n<p>A fost subliniat\u0103 ini\u021biativa german\u0103 \u201eDas andere SchulZimmer\u201d \u2013 \u201eCealalt\u0103 sal\u0103 de clas\u0103\u201d \u2013, un program destinat tinerilor care au p\u0103r\u0103sit \u0219coala \u0219i se afl\u0103 \u00een situa\u021bii dificile.<\/p>\n<p>Programul ofer\u0103 oportunit\u0103\u021bi de \u00eenv\u0103\u021bare personalizate \u00een afara sistemului \u0219colar \u0219i a \u00eenceput \u00een anul 2018, cu finan\u021bare limitat\u0103 \u0219i munc\u0103 voluntar\u0103.<\/p>\n<p><em>Sursa: <a href=\"https:\/\/ziarharghita.ro\/discutii-la-miercurea-ciuc-despre-economia-sociala-106-intreprinderi-au-statut-valabil-in-judetul-harghita\" target=\"_blank\" rel=\"nofollow\">Harghita<\/a><\/em><\/p>\n","protected":false},"excerpt":{"rendered":"<p>O reuniune axat\u0103 pe starea economiei sociale din jude\u021bul Harghita, evolu\u021bia acesteia de-a lungul anilor \u0219i oportunit\u0103\u021bile de valorificare a experien\u021belor europene\u2026<\/p>\n","protected":false},"author":1,"featured_media":2089,"comment_status":"open","ping_status":"open","sticky":false,"template":"","format":"standard","meta":{"footnotes":""},"categories":[2],"tags":[],"class_list":["post-2088","post","type-post","status-publish","format-standard","has-post-thumbnail","hentry","category-local-harghita"],"_links":{"self":[{"href":"https:\/\/harghitainfo.ro\/index.php?rest_route=\/wp\/v2\/posts\/2088","targetHints":{"allow":["GET"]}}],"collection":[{"href":"https:\/\/harghitainfo.ro\/index.php?rest_route=\/wp\/v2\/posts"}],"about":[{"href":"https:\/\/harghitainfo.ro\/index.php?rest_route=\/wp\/v2\/types\/post"}],"author":[{"embeddable":true,"href":"https:\/\/harghitainfo.ro\/index.php?rest_route=\/wp\/v2\/users\/1"}],"replies":[{"embeddable":true,"href":"https:\/\/harghitainfo.ro\/index.php?rest_route=%2Fwp%2Fv2%2Fcomments&post=2088"}],"version-history":[{"count":0,"href":"https:\/\/harghitainfo.ro\/index.php?rest_route=\/wp\/v2\/posts\/2088\/revisions"}],"wp:featuredmedia":[{"embeddable":true,"href":"https:\/\/harghitainfo.ro\/index.php?rest_route=\/wp\/v2\/media\/2089"}],"wp:attachment":[{"href":"https:\/\/harghitainfo.ro\/index.php?rest_route=%2Fwp%2Fv2%2Fmedia&parent=2088"}],"wp:term":[{"taxonomy":"category","embeddable":true,"href":"https:\/\/harghitainfo.ro\/index.php?rest_route=%2Fwp%2Fv2%2Fcategories&post=2088"},{"taxonomy":"post_tag","embeddable":true,"href":"https:\/\/harghitainfo.ro\/index.php?rest_route=%2Fwp%2Fv2%2Ftags&post=2088"}],"curies":[{"name":"wp","href":"https:\/\/api.w.org\/{rel}","templated":true}]}}